{"id":1593,"date":"2017-09-29T12:32:16","date_gmt":"2017-09-29T12:32:16","guid":{"rendered":"http:\/\/www.optik-erkelentz.de\/?p=1593"},"modified":"2017-09-29T12:32:16","modified_gmt":"2017-09-29T12:32:16","slug":"aktionstag-bei-toelke-und-fischer-in-huels-am-30-september","status":"publish","type":"post","link":"https:\/\/www.optik-erkelentz.de\/?p=1593","title":{"rendered":"Aktionstag bei T\u00f6lke und Fischer in H\u00fcls am 30. September"},"content":{"rendered":"<h4>Am Samstag, den 30.9.17, bieten wir eine kostenlose objektive Sehst\u00e4rkenbestimmung im Autohaus T\u00f6lke &amp; Fischer an.<\/h4>\n<p>An diesem Tag k\u00f6nnen wir im Gesch\u00e4ft daher leider keine Sehst\u00e4rken-Messungen durchf\u00fchren, jedoch sind wir f\u00fcr Serviceleistungen dann gerne f\u00fcr Sie da.<\/p>\n<p>Unsere <strong>Gesch\u00e4fts\u00f6ffnungszeiten<\/strong> an diesem Tag sind aus organisatorischen Gr\u00fcnden abweichend, so dass wir dann von <strong>10 Uhr bis 12 Uhr<\/strong> ge\u00f6ffnet haben.<\/p>\n<p>&nbsp;<\/p>\n","protected":false},"excerpt":{"rendered":"<p>Am Samstag, den 30.9.17, bieten wir eine kostenlose objektive Sehst\u00e4rkenbestimmung im Autohaus T\u00f6lke &amp; Fischer an. An diesem Tag k\u00f6nnen wir im Gesch\u00e4ft daher leider keine Sehst\u00e4rken-Messungen durchf\u00fchren, jedoch sind &#8230;<\/p>\n","protected":false},"author":2,"featured_media":1600,"comment_status":"closed","ping_status":"closed","sticky":false,"template":"","format":"standard","meta":{"footnotes":""},"categories":[1],"tags":[],"class_list":["post-1593","post","type-post","status-publish","format-standard","has-post-thumbnail","hentry","category-uncategorized"],"_links":{"self":[{"href":"https:\/\/www.optik-erkelentz.de\/index.php?rest_route=\/wp\/v2\/posts\/1593","targetHints":{"allow":["GET"]}}],"collection":[{"href":"https:\/\/www.optik-erkelentz.de\/index.php?rest_route=\/wp\/v2\/posts"}],"about":[{"href":"https:\/\/www.optik-erkelentz.de\/index.php?rest_route=\/wp\/v2\/types\/post"}],"author":[{"embeddable":true,"href":"https:\/\/www.optik-erkelentz.de\/index.php?rest_route=\/wp\/v2\/users\/2"}],"replies":[{"embeddable":true,"href":"https:\/\/www.optik-erkelentz.de\/index.php?rest_route=%2Fwp%2Fv2%2Fcomments&post=1593"}],"version-history":[{"count":1,"href":"https:\/\/www.optik-erkelentz.de\/index.php?rest_route=\/wp\/v2\/posts\/1593\/revisions"}],"predecessor-version":[{"id":1601,"href":"https:\/\/www.optik-erkelentz.de\/index.php?rest_route=\/wp\/v2\/posts\/1593\/revisions\/1601"}],"wp:featuredmedia":[{"embeddable":true,"href":"https:\/\/www.optik-erkelentz.de\/index.php?rest_route=\/wp\/v2\/media\/1600"}],"wp:attachment":[{"href":"https:\/\/www.optik-erkelentz.de\/index.php?rest_route=%2Fwp%2Fv2%2Fmedia&parent=1593"}],"wp:term":[{"taxonomy":"category","embeddable":true,"href":"https:\/\/www.optik-erkelentz.de\/index.php?rest_route=%2Fwp%2Fv2%2Fcategories&post=1593"},{"taxonomy":"post_tag","embeddable":true,"href":"https:\/\/www.optik-erkelentz.de\/index.php?rest_route=%2Fwp%2Fv2%2Ftags&post=1593"}],"curies":[{"name":"wp","href":"https:\/\/api.w.org\/{rel}","templated":true}]}}