{"id":1624,"date":"2017-10-16T12:52:55","date_gmt":"2017-10-16T12:52:55","guid":{"rendered":"http:\/\/www.optik-erkelentz.de\/?p=1624"},"modified":"2017-11-07T13:50:50","modified_gmt":"2017-11-07T13:50:50","slug":"interne-schulung-am-9-november-wir-bilden-uns-fuer-sie-fort","status":"publish","type":"post","link":"https:\/\/www.optik-erkelentz.de\/?p=1624","title":{"rendered":"Externe Schulung am 9. November &#8211; wir bilden uns f\u00fcr Sie fort!"},"content":{"rendered":"<p>Seit einigen Wochen haben wir die neueste Technik in Form des DNEye Scanners der Firma Rodenstock in unserem Haus. Das Ger\u00e4t misst sehr umfangreich und gibt unter anderem Aufschluss \u00fcber den Augeninnendruck oder auch \u00fcber Tr\u00fcbungen innerhalb des System Auges.<\/p>\n<figure id=\"attachment_1616\" aria-describedby=\"caption-attachment-1616\" style=\"width: 1000px\" class=\"wp-caption aligncenter\"><img loading=\"lazy\" decoding=\"async\" class=\"size-full wp-image-1616\" src=\"http:\/\/www.optik-erkelentz.de\/wp-content\/uploads\/2016\/10\/Refra-Ecke-DNEye2-e1507821268646.jpg\" alt=\"\" width=\"1000\" height=\"1220\" \/><figcaption id=\"caption-attachment-1616\" class=\"wp-caption-text\">Umfangreiche Messung zur individuellsten Beratung<\/figcaption><\/figure>\n<p>Schulungen \u00fcber Grundfunktionen haben wir bereits durchgef\u00fchrt. Damit wir jedoch umfangreicher und vorallem auch mit viel Hintergrundwissen beraten k\u00f6nnen, bilden wir uns f\u00fcr sie fort: Wir besuchen am <strong>Donnerstag, den 9. November 2017<\/strong>, das Seminar von Herrn Professor Degle in D\u00fcsseldorf. Das Gesch\u00e4ft muss daher an diesem Tag <strong>geschlossen<\/strong> bleiben.<\/p>\n<p>&nbsp;<\/p>\n","protected":false},"excerpt":{"rendered":"<p>Seit einigen Wochen haben wir die neueste Technik in Form des DNEye Scanners der Firma Rodenstock in unserem Haus. Das Ger\u00e4t misst sehr umfangreich und gibt unter anderem Aufschluss \u00fcber &#8230;<\/p>\n","protected":false},"author":2,"featured_media":1603,"comment_status":"closed","ping_status":"closed","sticky":false,"template":"","format":"standard","meta":{"footnotes":""},"categories":[1],"tags":[],"class_list":["post-1624","post","type-post","status-publish","format-standard","has-post-thumbnail","hentry","category-uncategorized"],"_links":{"self":[{"href":"https:\/\/www.optik-erkelentz.de\/index.php?rest_route=\/wp\/v2\/posts\/1624","targetHints":{"allow":["GET"]}}],"collection":[{"href":"https:\/\/www.optik-erkelentz.de\/index.php?rest_route=\/wp\/v2\/posts"}],"about":[{"href":"https:\/\/www.optik-erkelentz.de\/index.php?rest_route=\/wp\/v2\/types\/post"}],"author":[{"embeddable":true,"href":"https:\/\/www.optik-erkelentz.de\/index.php?rest_route=\/wp\/v2\/users\/2"}],"replies":[{"embeddable":true,"href":"https:\/\/www.optik-erkelentz.de\/index.php?rest_route=%2Fwp%2Fv2%2Fcomments&post=1624"}],"version-history":[{"count":4,"href":"https:\/\/www.optik-erkelentz.de\/index.php?rest_route=\/wp\/v2\/posts\/1624\/revisions"}],"predecessor-version":[{"id":1639,"href":"https:\/\/www.optik-erkelentz.de\/index.php?rest_route=\/wp\/v2\/posts\/1624\/revisions\/1639"}],"wp:featuredmedia":[{"embeddable":true,"href":"https:\/\/www.optik-erkelentz.de\/index.php?rest_route=\/wp\/v2\/media\/1603"}],"wp:attachment":[{"href":"https:\/\/www.optik-erkelentz.de\/index.php?rest_route=%2Fwp%2Fv2%2Fmedia&parent=1624"}],"wp:term":[{"taxonomy":"category","embeddable":true,"href":"https:\/\/www.optik-erkelentz.de\/index.php?rest_route=%2Fwp%2Fv2%2Fcategories&post=1624"},{"taxonomy":"post_tag","embeddable":true,"href":"https:\/\/www.optik-erkelentz.de\/index.php?rest_route=%2Fwp%2Fv2%2Ftags&post=1624"}],"curies":[{"name":"wp","href":"https:\/\/api.w.org\/{rel}","templated":true}]}}