{"id":1754,"date":"2018-08-20T16:06:02","date_gmt":"2018-08-20T14:06:02","guid":{"rendered":"http:\/\/www.optik-erkelentz.de\/?p=1754"},"modified":"2025-04-25T16:06:54","modified_gmt":"2025-04-25T14:06:54","slug":"das-schaerfste-sehen-mit-der-besten-technologie","status":"publish","type":"post","link":"https:\/\/www.optik-erkelentz.de\/?p=1754","title":{"rendered":"Das sch\u00e4rfste Sehen mit der besten und neuesten Technologie"},"content":{"rendered":"<p style=\"text-align: left;\">\n<p><img loading=\"lazy\" decoding=\"async\" class=\"alignleft wp-image-1757\" src=\"http:\/\/www.optik-erkelentz.de\/wp-content\/uploads\/2018\/08\/IMG_20180129_161104-768x1024.jpg\" width=\"300\" height=\"400\" srcset=\"https:\/\/www.optik-erkelentz.de\/wp-content\/uploads\/2018\/08\/IMG_20180129_161104-768x1024.jpg 768w, https:\/\/www.optik-erkelentz.de\/wp-content\/uploads\/2018\/08\/IMG_20180129_161104-225x300.jpg 225w\" sizes=\"auto, (max-width: 300px) 100vw, 300px\" \/><\/p>\n<p><strong>F\u00fcr das sch\u00e4rfste Sehen: DNEye<sup>\u00ae<\/sup>\u00a0<\/strong><\/p>\n<p><span style=\"color: #000000;\"><span style=\"font-family: Arial,sans-serif;\"><span style=\"font-size: small;\"><b>I<\/b><\/span><\/span><\/span><span style=\"color: #000000;\"><span style=\"font-family: Arial,sans-serif;\"><span style=\"font-size: small;\"><b>ch sehe was, was du nicht siehst \u2013und das gestochen scharf<\/b><\/span><\/span><\/span><\/p>\n<p><img loading=\"lazy\" decoding=\"async\" class=\"size-full wp-image-1756 alignright\" src=\"http:\/\/www.optik-erkelentz.de\/wp-content\/uploads\/2018\/08\/DNEye-measurement_v3_lowres2.png\" alt=\"\" width=\"417\" height=\"294\" srcset=\"https:\/\/www.optik-erkelentz.de\/wp-content\/uploads\/2018\/08\/DNEye-measurement_v3_lowres2.png 417w, https:\/\/www.optik-erkelentz.de\/wp-content\/uploads\/2018\/08\/DNEye-measurement_v3_lowres2-300x212.png 300w\" sizes=\"auto, (max-width: 417px) 100vw, 417px\" \/><\/p>\n<p><span style=\"color: #000000;\"><span style=\"font-family: Arial,sans-serif;\"><span style=\"font-size: small;\">Zun\u00e4chst werden Ihre Augen mit dem\u00a0 DNEye<sup>\u00ae<\/sup> Scanner 2+ vermessen. Die Messung erfolgt vollautomatisch und hochpr\u00e4zise an \u00fcber 7.000 Messpunkten. Anders als herk\u00f6mmliche Messger\u00e4te erfasst der DNEye<sup>\u00ae<\/sup> Scanner nicht nur die g\u00e4ngigen Werte f\u00fcr Kurz- bzw. Weitsichtigkeit und Hornhautverkr\u00fcmmung, sondern weit mehr \u2013 zum Beispiel Ihre Pupillenreaktion bei Tag und bei Nacht sowie die damit einhergehenden Ver\u00e4nderungen des Sehens. <\/span><\/span><\/span><\/p>\n<p><span style=\"color: #000000;\"><span style=\"font-family: Arial,sans-serif;\"><span style=\"font-size: small;\">So werden auch individuelle Abbildungsfehler bemerkt, die beispielsweise f\u00fcr reduziertes Kontrastsehen und schlechte Sicht in der D\u00e4mmerung verantwortlich sind.<\/span><\/span><\/span><\/p>\n<p><img loading=\"lazy\" decoding=\"async\" class=\"size-full wp-image-1758 alignleft\" src=\"http:\/\/www.optik-erkelentz.de\/wp-content\/uploads\/2018\/08\/Pachymetrie.png\" alt=\"\" width=\"891\" height=\"217\" \/><\/p>\n<p><span style=\"color: #000000;\"><span style=\"font-family: Arial,sans-serif;\"><span style=\"font-size: small;\">\u00a0<\/span><\/span><\/span><\/p>\n","protected":false},"excerpt":{"rendered":"<p>F\u00fcr das sch\u00e4rfste Sehen: DNEye\u00ae\u00a0 Ich sehe was, was du nicht siehst \u2013und das gestochen scharf Zun\u00e4chst werden Ihre Augen mit dem\u00a0 DNEye\u00ae Scanner 2+ vermessen. Die Messung erfolgt vollautomatisch &#8230;<\/p>\n","protected":false},"author":2,"featured_media":1769,"comment_status":"closed","ping_status":"closed","sticky":true,"template":"","format":"standard","meta":{"footnotes":""},"categories":[1],"tags":[],"class_list":["post-1754","post","type-post","status-publish","format-standard","has-post-thumbnail","hentry","category-uncategorized"],"_links":{"self":[{"href":"https:\/\/www.optik-erkelentz.de\/index.php?rest_route=\/wp\/v2\/posts\/1754","targetHints":{"allow":["GET"]}}],"collection":[{"href":"https:\/\/www.optik-erkelentz.de\/index.php?rest_route=\/wp\/v2\/posts"}],"about":[{"href":"https:\/\/www.optik-erkelentz.de\/index.php?rest_route=\/wp\/v2\/types\/post"}],"author":[{"embeddable":true,"href":"https:\/\/www.optik-erkelentz.de\/index.php?rest_route=\/wp\/v2\/users\/2"}],"replies":[{"embeddable":true,"href":"https:\/\/www.optik-erkelentz.de\/index.php?rest_route=%2Fwp%2Fv2%2Fcomments&post=1754"}],"version-history":[{"count":16,"href":"https:\/\/www.optik-erkelentz.de\/index.php?rest_route=\/wp\/v2\/posts\/1754\/revisions"}],"predecessor-version":[{"id":2080,"href":"https:\/\/www.optik-erkelentz.de\/index.php?rest_route=\/wp\/v2\/posts\/1754\/revisions\/2080"}],"wp:featuredmedia":[{"embeddable":true,"href":"https:\/\/www.optik-erkelentz.de\/index.php?rest_route=\/wp\/v2\/media\/1769"}],"wp:attachment":[{"href":"https:\/\/www.optik-erkelentz.de\/index.php?rest_route=%2Fwp%2Fv2%2Fmedia&parent=1754"}],"wp:term":[{"taxonomy":"category","embeddable":true,"href":"https:\/\/www.optik-erkelentz.de\/index.php?rest_route=%2Fwp%2Fv2%2Fcategories&post=1754"},{"taxonomy":"post_tag","embeddable":true,"href":"https:\/\/www.optik-erkelentz.de\/index.php?rest_route=%2Fwp%2Fv2%2Ftags&post=1754"}],"curies":[{"name":"wp","href":"https:\/\/api.w.org\/{rel}","templated":true}]}}