{"id":1770,"date":"2018-08-21T15:09:04","date_gmt":"2018-08-21T13:09:04","guid":{"rendered":"http:\/\/www.optik-erkelentz.de\/?p=1770"},"modified":"2025-02-19T12:14:27","modified_gmt":"2025-02-19T11:14:27","slug":"augeninnendruck-messung","status":"publish","type":"post","link":"https:\/\/www.optik-erkelentz.de\/?p=1770","title":{"rendered":"Augeninnendruck-Messung"},"content":{"rendered":"<p>Seit einigen Monaten bieten wir nun auch die Messung Ihres Augeninnendrucks an. Diese Messung bietet Ihnen auch Ihr Augenarzt an, da dies dort eine Vorsorgeuntersuchung* f\u00fcr den gr\u00fcnen Star ist. Wenn der Druck innerhalb des Auges steigt, dann k\u00f6nnen Sehnervenfasern besch\u00e4digt werden. Den Druckanstieg merken Sie in der Regel zun\u00e4chst nicht, daher ist eine regelm\u00e4\u00dfige Kontrolle empfehlenswert.<\/p>\n<p><img loading=\"lazy\" decoding=\"async\" class=\"alignleft wp-image-1773\" src=\"http:\/\/www.optik-erkelentz.de\/wp-content\/uploads\/2018\/08\/Entwicklung-Glaukom2.jpg\" width=\"2200\" height=\"419\" srcset=\"https:\/\/www.optik-erkelentz.de\/wp-content\/uploads\/2018\/08\/Entwicklung-Glaukom2.jpg 1465w, https:\/\/www.optik-erkelentz.de\/wp-content\/uploads\/2018\/08\/Entwicklung-Glaukom2-300x57.jpg 300w, https:\/\/www.optik-erkelentz.de\/wp-content\/uploads\/2018\/08\/Entwicklung-Glaukom2-768x146.jpg 768w, https:\/\/www.optik-erkelentz.de\/wp-content\/uploads\/2018\/08\/Entwicklung-Glaukom2-1024x195.jpg 1024w\" sizes=\"auto, (max-width: 2200px) 100vw, 2200px\" \/><\/p>\n<p><span style=\"font-size: 8pt;\">Entstehung eines Glaukoms &#8211; Quelle: <a href=\"https:\/\/www.aumedo.de\/entstehung-eines-gruenen-stars\/\">www.aumedo.de\/entstehung-eines-gruenen-stars<\/a><\/span><br \/>\nDurch einen Luftsto\u00df auf die Hornhaut wird anhand der Abflachungszeit der Wert f\u00fcr den Augeninnendruck ermittelt. Dieser wird dann in Relation zu Ihrer individuellen Hornhautdicke gesetzt. Au\u00dferdem werten wir den anatomischen Aufbau des Auge aus um einen weiteren Risikofaktor ermitteln zu k\u00f6nnen. Somit sind Auff\u00e4lligkeiten schneller f\u00fcr uns zu erkennen und wir k\u00f6nnen ggf. gezielt an einen Augenarzt weiter vermitteln.<\/p>\n<p><img loading=\"lazy\" decoding=\"async\" class=\"aligncenter size-full wp-image-1758\" src=\"http:\/\/www.optik-erkelentz.de\/wp-content\/uploads\/2018\/08\/Pachymetrie.png\" alt=\"\" width=\"891\" height=\"217\" \/><span style=\"font-size: 8pt;\">Vermessung des vorderen Augenabschnittes durch den DNEye\u00ae Scanner<\/span><\/p>\n<p>Da der Wert schwankend ist &#8211; z.B. wirken sich Tageszeit und Tagesform darauf aus &#8211; bieten wir Ihnen immer ein Paket mit mindestens einer Kontrollmessung an einem zweiten Termin an. Wir empfehlen eine Terminvereinbarung, damit wir Sie umfassend dazu beraten k\u00f6nnen und evtl. auch direkt Ihre Sehleistung kontrollieren k\u00f6nnen.<\/p>\n<p><strong>Wir berechnen <span style=\"text-decoration: underline;\">29,99\u20ac<\/span> als Paketpreis f\u00fcr Erstmessung mit Beratung\/Erl\u00e4uterung und einer Zweitmessung nach ein paar Tagen zur Ermittlung eines Kontrollwertes.<\/strong><\/p>\n<p><span style=\"font-size: 8pt;\">*Bitte beachten Sie, dass wir keinen Augenarzt ersetzen, sondern lediglich Risikofaktoren schneller aufdecken k\u00f6nnen.<\/span><\/p>\n","protected":false},"excerpt":{"rendered":"<p>Seit einigen Monaten bieten wir nun auch die Messung Ihres Augeninnendrucks an. Diese Messung bietet Ihnen auch Ihr Augenarzt an, da dies dort eine Vorsorgeuntersuchung* f\u00fcr den gr\u00fcnen Star ist. &#8230;<\/p>\n","protected":false},"author":2,"featured_media":1758,"comment_status":"closed","ping_status":"closed","sticky":true,"template":"","format":"standard","meta":{"footnotes":""},"categories":[1],"tags":[],"class_list":["post-1770","post","type-post","status-publish","format-standard","has-post-thumbnail","hentry","category-uncategorized"],"_links":{"self":[{"href":"https:\/\/www.optik-erkelentz.de\/index.php?rest_route=\/wp\/v2\/posts\/1770","targetHints":{"allow":["GET"]}}],"collection":[{"href":"https:\/\/www.optik-erkelentz.de\/index.php?rest_route=\/wp\/v2\/posts"}],"about":[{"href":"https:\/\/www.optik-erkelentz.de\/index.php?rest_route=\/wp\/v2\/types\/post"}],"author":[{"embeddable":true,"href":"https:\/\/www.optik-erkelentz.de\/index.php?rest_route=\/wp\/v2\/users\/2"}],"replies":[{"embeddable":true,"href":"https:\/\/www.optik-erkelentz.de\/index.php?rest_route=%2Fwp%2Fv2%2Fcomments&post=1770"}],"version-history":[{"count":15,"href":"https:\/\/www.optik-erkelentz.de\/index.php?rest_route=\/wp\/v2\/posts\/1770\/revisions"}],"predecessor-version":[{"id":2061,"href":"https:\/\/www.optik-erkelentz.de\/index.php?rest_route=\/wp\/v2\/posts\/1770\/revisions\/2061"}],"wp:featuredmedia":[{"embeddable":true,"href":"https:\/\/www.optik-erkelentz.de\/index.php?rest_route=\/wp\/v2\/media\/1758"}],"wp:attachment":[{"href":"https:\/\/www.optik-erkelentz.de\/index.php?rest_route=%2Fwp%2Fv2%2Fmedia&parent=1770"}],"wp:term":[{"taxonomy":"category","embeddable":true,"href":"https:\/\/www.optik-erkelentz.de\/index.php?rest_route=%2Fwp%2Fv2%2Fcategories&post=1770"},{"taxonomy":"post_tag","embeddable":true,"href":"https:\/\/www.optik-erkelentz.de\/index.php?rest_route=%2Fwp%2Fv2%2Ftags&post=1770"}],"curies":[{"name":"wp","href":"https:\/\/api.w.org\/{rel}","templated":true}]}}